{"id":967,"date":"2011-06-22T12:17:18","date_gmt":"2011-06-22T10:17:18","guid":{"rendered":"http:\/\/www.schreurs-immobilien.de\/blog\/?p=967"},"modified":"2018-03-11T16:11:22","modified_gmt":"2018-03-11T15:11:22","slug":"tag-der-architektur-in-krefeld","status":"publish","type":"post","link":"https:\/\/www.schreurs-immobilien.de\/blog\/tag-der-architektur-in-krefeld\/","title":{"rendered":"Tag der Architektur in Krefeld"},"content":{"rendered":"<p>\u201eBesser wohnen mit Architekten\u201c Unter diesem Motto findet, der dieses Jahr bereits zum 16ten Mal veranstaltete \u201eTag der Architektur\u201c, an diesem Wochenende (2\/3 Juli) bundesweit an zahlreichen Orten statt. In Nordrheinwestfalen stehen in diesem Jahr ca. 440 Bauwerke in \u00fcber 140 Gemeinden architekturbegeisterten B\u00fcrgern zur Besichtigung offen. An diesem Wochenende k\u00f6nnen Fans besonderer Architektur eine Vielzahl von Bauwerke besichtigen und sich mit den vor Ort befindlichen Eigent\u00fcmern und Architekten \u00fcber die Immobilien austauschen.<\/p>\n<p>Dabei stehen nicht nur Bestandsbauten im Fokus sondern auch neu errichtete Geb\u00e4ude. Nicht nur <a href=\"https:\/\/www.schreurs-immobilien.de\/kaufen\/haeuser\/\">H\u00e4user<\/a> von Privatleuten stehen an diesem Wochenende Architekturfans offen sondern auch zahlreiche Verwaltungs- oder Schulgeb\u00e4ude oder Industriebauten k\u00f6nnen besichtigt werden. Unter dem Motto \u201eBesser wohnen mit Architekten\u201c spielen Wohnbauten dieses Jahr eine besondere Rolle. Eine Vielzahl von Niedrigenergieh\u00e4user oder Mehrgenerationenh\u00e4user k\u00f6nnen besichtigt werden. Der Tag der Architektur soll inspirieren und anregen und die M\u00f6glichkeit geben Immobilien von Innen anzusehen die normalerweise das ganze Jahr \u00fcber nicht besichtigt werden k\u00f6nnen.<\/p>\n<p><em><strong>Insgesamt neun Krefelder Objekte laden an diesem Wochenende ein:<\/strong><\/em><\/p>\n<p>Neben dem bekannten Museeum Haus Lange stehen viele unbekannte \u201eArchitekturdenkm\u00e4ler\u201c am Wochenende offen:<\/p>\n<p><strong>&#8211;\u00a0\u00a0\u00a0\u00a0\u00a0\u00a0\u00a0\u00a0 J\u00fcdische Synagoge: <\/strong>Besichtigung: Sonntag, 11 bis 17 Uhr, F\u00fchrungen: 11, 13, 15 Uhr, Adresse: Wiedstra\u00dfe 17<\/p>\n<p><strong>&#8211;\u00a0\u00a0\u00a0\u00a0\u00a0\u00a0\u00a0\u00a0 Doppelhaush\u00e4lfte aus dem Jahre 1939,<\/strong> Besichtigung: Samstag und Sonntag, je 15 bis 18 Uhr, F\u00fchrung: alle 15 Minuten, Adresse: Maurenbrecherstra\u00dfe 16.<\/p>\n<p><strong>&#8211;\u00a0\u00a0\u00a0\u00a0\u00a0\u00a0\u00a0\u00a0 Einfamilienhaus von 1920,<\/strong> Besichtigung: Samstag und Sonntag, je 11 bis 14 Uhr, Adresse: Gutenbergstra\u00dfe 12.<\/p>\n<p><strong>&#8211;\u00a0\u00a0\u00a0\u00a0\u00a0\u00a0\u00a0\u00a0 Klimaschutz in Fischeln, <\/strong>Besichtigung: Samstag: 12 bis 16 Uhr, Treffpunkt: vor dem Objekt, F\u00fchrungen: alle halbe Stunde, Adresse: Oberbruchstra\u00dfe 73<\/p>\n<p><strong>&#8211;\u00a0\u00a0\u00a0\u00a0\u00a0\u00a0\u00a0\u00a0 Neubau Einfamilienhaus in Krefelder Norden,<\/strong> Besichtigung: Samstag und Sonntag, 15 bis 18 Uhr, F\u00fchrungen: alle 15 Minuten, Adresse: Am L\u00fcngerhof 10.<\/p>\n<p><strong>&#8211;\u00a0\u00a0\u00a0\u00a0\u00a0\u00a0\u00a0\u00a0 Verwaltungsgeb\u00e4ude Rostek und Pesch,<\/strong> Besichtigung: Samstag und Sonntag, je 11 bis 17 Uhr, F\u00fchrungen: alle halbe Stunde, Adresse: Parkstra\u00dfe 55.<\/p>\n<p><strong>&#8211;\u00a0\u00a0\u00a0\u00a0\u00a0\u00a0\u00a0\u00a0 Verwaltungsgeb\u00e4ude der Firma Schr\u00f6ter Druck- und Kopierl\u00f6sungen<\/strong> Besichtigung: Sonntag, 14 bis 17 Uhr, durchgehen F\u00fchrungen, Adresse: Medienstra\u00dfe 2.<\/p>\n<p><strong>&#8211;\u00a0\u00a0\u00a0\u00a0\u00a0\u00a0\u00a0\u00a0 Penthouse im STADTPALAIS,<\/strong> Dionysiusplatz 9 A, Besichtigungszeit: Samstag14.00-16.00 Uhr, Sontag. 03.07. 14.00-16.00 Uhr<\/p>\n<p>Im Mies-von-der-Rohe Bau im Museeum Haus Lange (Wilhelmshofallee 91-97,) wird das wieder hergerichtete Hebefenster zu entdecken sein. Besichtigung 2. Juli: 15.15 Uhr, Gartenf\u00fchrung, 16.30 Uhr, Hebefenster, 16 bis 18 Uhr, individuelle F\u00fchrung, 18 Uhr, Filmpremiere. 3. Juli: 11 bis 13 Uhr, individuelle F\u00fchrung, 11.15 Uhr, Hebefenster, 15 Uhr, F\u00fchrung durch beide H\u00e4user, 15 Uhr Workshop f\u00fcr Kinder.<\/p>\n<p><strong>Die gesamte\u00a0 Liste aller am \u201eTag der Architektur\u201c teilnehmenden Objekte nacht Orten sortiert finden Sie auf www.aknw.de<\/strong><\/p>\n","protected":false},"excerpt":{"rendered":"<p>\u201eBesser wohnen mit Architekten\u201c Unter diesem Motto findet, der dieses Jahr bereits zum 16ten Mal veranstaltete \u201eTag der Architektur\u201c, an diesem Wochenende (2\/3 Juli) bundesweit an zahlreichen Orten statt. In&hellip; <\/p>\n","protected":false},"author":6,"featured_media":0,"comment_status":"open","ping_status":"open","sticky":false,"template":"","format":"standard","meta":{"footnotes":""},"categories":[4,10],"tags":[],"class_list":["post-967","post","type-post","status-publish","format-standard","hentry","category-immobilien-allgemein","category-krefeld"],"yoast_head":"<!-- This site is optimized with the Yoast SEO plugin v27.0 - https:\/\/yoast.com\/product\/yoast-seo-wordpress\/ -->\n<title>Tag der Architektur in Krefeld - Schreurs Immobilien Blog<\/title>\n<meta name=\"robots\" content=\"index, follow, max-snippet:-1, max-image-preview:large, max-video-preview:-1\" \/>\n<link rel=\"canonical\" href=\"https:\/\/www.schreurs-immobilien.de\/blog\/tag-der-architektur-in-krefeld\/\" \/>\n<meta name=\"twitter:label1\" content=\"Verfasst von\" \/>\n\t<meta name=\"twitter:data1\" content=\"Janny van R\u00fcth\" \/>\n\t<meta name=\"twitter:label2\" content=\"Gesch\u00e4tzte Lesezeit\" \/>\n\t<meta name=\"twitter:data2\" content=\"2\u00a0Minuten\" \/>\n<script type=\"application\/ld+json\" class=\"yoast-schema-graph\">{\"@context\":\"https:\/\/schema.org\",\"@graph\":[{\"@type\":\"Article\",\"@id\":\"https:\/\/www.schreurs-immobilien.de\/blog\/tag-der-architektur-in-krefeld\/#article\",\"isPartOf\":{\"@id\":\"https:\/\/www.schreurs-immobilien.de\/blog\/tag-der-architektur-in-krefeld\/\"},\"author\":{\"name\":\"Janny van R\u00fcth\",\"@id\":\"https:\/\/www.schreurs-immobilien.de\/blog\/#\/schema\/person\/be17236c1c0096d673cd666a1d1f99f9\"},\"headline\":\"Tag der Architektur in Krefeld\",\"datePublished\":\"2011-06-22T10:17:18+00:00\",\"dateModified\":\"2018-03-11T15:11:22+00:00\",\"mainEntityOfPage\":{\"@id\":\"https:\/\/www.schreurs-immobilien.de\/blog\/tag-der-architektur-in-krefeld\/\"},\"wordCount\":405,\"commentCount\":1,\"articleSection\":[\"Immobilien allgemein\",\"Krefeld\"],\"inLanguage\":\"de\",\"potentialAction\":[{\"@type\":\"CommentAction\",\"name\":\"Comment\",\"target\":[\"https:\/\/www.schreurs-immobilien.de\/blog\/tag-der-architektur-in-krefeld\/#respond\"]}]},{\"@type\":\"WebPage\",\"@id\":\"https:\/\/www.schreurs-immobilien.de\/blog\/tag-der-architektur-in-krefeld\/\",\"url\":\"https:\/\/www.schreurs-immobilien.de\/blog\/tag-der-architektur-in-krefeld\/\",\"name\":\"Tag der Architektur in Krefeld - Schreurs Immobilien Blog\",\"isPartOf\":{\"@id\":\"https:\/\/www.schreurs-immobilien.de\/blog\/#website\"},\"datePublished\":\"2011-06-22T10:17:18+00:00\",\"dateModified\":\"2018-03-11T15:11:22+00:00\",\"author\":{\"@id\":\"https:\/\/www.schreurs-immobilien.de\/blog\/#\/schema\/person\/be17236c1c0096d673cd666a1d1f99f9\"},\"breadcrumb\":{\"@id\":\"https:\/\/www.schreurs-immobilien.de\/blog\/tag-der-architektur-in-krefeld\/#breadcrumb\"},\"inLanguage\":\"de\",\"potentialAction\":[{\"@type\":\"ReadAction\",\"target\":[\"https:\/\/www.schreurs-immobilien.de\/blog\/tag-der-architektur-in-krefeld\/\"]}]},{\"@type\":\"BreadcrumbList\",\"@id\":\"https:\/\/www.schreurs-immobilien.de\/blog\/tag-der-architektur-in-krefeld\/#breadcrumb\",\"itemListElement\":[{\"@type\":\"ListItem\",\"position\":1,\"name\":\"Startseite\",\"item\":\"https:\/\/www.schreurs-immobilien.de\/blog\/\"},{\"@type\":\"ListItem\",\"position\":2,\"name\":\"Tag der Architektur in Krefeld\"}]},{\"@type\":\"WebSite\",\"@id\":\"https:\/\/www.schreurs-immobilien.de\/blog\/#website\",\"url\":\"https:\/\/www.schreurs-immobilien.de\/blog\/\",\"name\":\"Schreurs Immobilien Blog\",\"description\":\"Wohnkultur in Krefeld\",\"potentialAction\":[{\"@type\":\"SearchAction\",\"target\":{\"@type\":\"EntryPoint\",\"urlTemplate\":\"https:\/\/www.schreurs-immobilien.de\/blog\/?s={search_term_string}\"},\"query-input\":{\"@type\":\"PropertyValueSpecification\",\"valueRequired\":true,\"valueName\":\"search_term_string\"}}],\"inLanguage\":\"de\"},{\"@type\":\"Person\",\"@id\":\"https:\/\/www.schreurs-immobilien.de\/blog\/#\/schema\/person\/be17236c1c0096d673cd666a1d1f99f9\",\"name\":\"Janny van R\u00fcth\",\"description\":\"Immobilienmakler bei Schreurs Immobilien, gelernter Immobilienkaufmann\",\"sameAs\":[\"http:\/\/www.schreurs-immobilien.de\"],\"url\":\"https:\/\/www.schreurs-immobilien.de\/blog\/author\/jannyvr\/\"}]}<\/script>\n<!-- \/ Yoast SEO plugin. -->","yoast_head_json":{"title":"Tag der Architektur in Krefeld - Schreurs Immobilien Blog","robots":{"index":"index","follow":"follow","max-snippet":"max-snippet:-1","max-image-preview":"max-image-preview:large","max-video-preview":"max-video-preview:-1"},"canonical":"https:\/\/www.schreurs-immobilien.de\/blog\/tag-der-architektur-in-krefeld\/","twitter_misc":{"Verfasst von":"Janny van R\u00fcth","Gesch\u00e4tzte Lesezeit":"2\u00a0Minuten"},"schema":{"@context":"https:\/\/schema.org","@graph":[{"@type":"Article","@id":"https:\/\/www.schreurs-immobilien.de\/blog\/tag-der-architektur-in-krefeld\/#article","isPartOf":{"@id":"https:\/\/www.schreurs-immobilien.de\/blog\/tag-der-architektur-in-krefeld\/"},"author":{"name":"Janny van R\u00fcth","@id":"https:\/\/www.schreurs-immobilien.de\/blog\/#\/schema\/person\/be17236c1c0096d673cd666a1d1f99f9"},"headline":"Tag der Architektur in Krefeld","datePublished":"2011-06-22T10:17:18+00:00","dateModified":"2018-03-11T15:11:22+00:00","mainEntityOfPage":{"@id":"https:\/\/www.schreurs-immobilien.de\/blog\/tag-der-architektur-in-krefeld\/"},"wordCount":405,"commentCount":1,"articleSection":["Immobilien allgemein","Krefeld"],"inLanguage":"de","potentialAction":[{"@type":"CommentAction","name":"Comment","target":["https:\/\/www.schreurs-immobilien.de\/blog\/tag-der-architektur-in-krefeld\/#respond"]}]},{"@type":"WebPage","@id":"https:\/\/www.schreurs-immobilien.de\/blog\/tag-der-architektur-in-krefeld\/","url":"https:\/\/www.schreurs-immobilien.de\/blog\/tag-der-architektur-in-krefeld\/","name":"Tag der Architektur in Krefeld - Schreurs Immobilien Blog","isPartOf":{"@id":"https:\/\/www.schreurs-immobilien.de\/blog\/#website"},"datePublished":"2011-06-22T10:17:18+00:00","dateModified":"2018-03-11T15:11:22+00:00","author":{"@id":"https:\/\/www.schreurs-immobilien.de\/blog\/#\/schema\/person\/be17236c1c0096d673cd666a1d1f99f9"},"breadcrumb":{"@id":"https:\/\/www.schreurs-immobilien.de\/blog\/tag-der-architektur-in-krefeld\/#breadcrumb"},"inLanguage":"de","potentialAction":[{"@type":"ReadAction","target":["https:\/\/www.schreurs-immobilien.de\/blog\/tag-der-architektur-in-krefeld\/"]}]},{"@type":"BreadcrumbList","@id":"https:\/\/www.schreurs-immobilien.de\/blog\/tag-der-architektur-in-krefeld\/#breadcrumb","itemListElement":[{"@type":"ListItem","position":1,"name":"Startseite","item":"https:\/\/www.schreurs-immobilien.de\/blog\/"},{"@type":"ListItem","position":2,"name":"Tag der Architektur in Krefeld"}]},{"@type":"WebSite","@id":"https:\/\/www.schreurs-immobilien.de\/blog\/#website","url":"https:\/\/www.schreurs-immobilien.de\/blog\/","name":"Schreurs Immobilien Blog","description":"Wohnkultur in Krefeld","potentialAction":[{"@type":"SearchAction","target":{"@type":"EntryPoint","urlTemplate":"https:\/\/www.schreurs-immobilien.de\/blog\/?s={search_term_string}"},"query-input":{"@type":"PropertyValueSpecification","valueRequired":true,"valueName":"search_term_string"}}],"inLanguage":"de"},{"@type":"Person","@id":"https:\/\/www.schreurs-immobilien.de\/blog\/#\/schema\/person\/be17236c1c0096d673cd666a1d1f99f9","name":"Janny van R\u00fcth","description":"Immobilienmakler bei Schreurs Immobilien, gelernter Immobilienkaufmann","sameAs":["http:\/\/www.schreurs-immobilien.de"],"url":"https:\/\/www.schreurs-immobilien.de\/blog\/author\/jannyvr\/"}]}},"_links":{"self":[{"href":"https:\/\/www.schreurs-immobilien.de\/blog\/wp-json\/wp\/v2\/posts\/967","targetHints":{"allow":["GET"]}}],"collection":[{"href":"https:\/\/www.schreurs-immobilien.de\/blog\/wp-json\/wp\/v2\/posts"}],"about":[{"href":"https:\/\/www.schreurs-immobilien.de\/blog\/wp-json\/wp\/v2\/types\/post"}],"author":[{"embeddable":true,"href":"https:\/\/www.schreurs-immobilien.de\/blog\/wp-json\/wp\/v2\/users\/6"}],"replies":[{"embeddable":true,"href":"https:\/\/www.schreurs-immobilien.de\/blog\/wp-json\/wp\/v2\/comments?post=967"}],"version-history":[{"count":57,"href":"https:\/\/www.schreurs-immobilien.de\/blog\/wp-json\/wp\/v2\/posts\/967\/revisions"}],"predecessor-version":[{"id":2800,"href":"https:\/\/www.schreurs-immobilien.de\/blog\/wp-json\/wp\/v2\/posts\/967\/revisions\/2800"}],"wp:attachment":[{"href":"https:\/\/www.schreurs-immobilien.de\/blog\/wp-json\/wp\/v2\/media?parent=967"}],"wp:term":[{"taxonomy":"category","embeddable":true,"href":"https:\/\/www.schreurs-immobilien.de\/blog\/wp-json\/wp\/v2\/categories?post=967"},{"taxonomy":"post_tag","embeddable":true,"href":"https:\/\/www.schreurs-immobilien.de\/blog\/wp-json\/wp\/v2\/tags?post=967"}],"curies":[{"name":"wp","href":"https:\/\/api.w.org\/{rel}","templated":true}]}}