{"id":1667,"date":"2012-08-01T16:26:05","date_gmt":"2012-08-01T14:26:05","guid":{"rendered":"http:\/\/www.schreurs-immobilien.de\/blog\/?p=1667"},"modified":"2018-02-28T09:35:54","modified_gmt":"2018-02-28T08:35:54","slug":"markus-schreurs-krefeld-franchisepartner","status":"publish","type":"post","link":"https:\/\/www.schreurs-immobilien.de\/blog\/markus-schreurs-krefeld-franchisepartner\/","title":{"rendered":"Markus Schreurs f\u00fchrt Porta Mondial in Krefeld ein"},"content":{"rendered":"<figure style=\"width: 216px\" class=\"wp-caption alignleft\"><img loading=\"lazy\" decoding=\"async\" class=\" \" title=\"Markus Schreurs - Eigent\u00fcmer von Schreurs Immobilien und CEO der Porta Mondial AG\" src=\"https:\/\/www.schreurs-immobilien.de\/blog\/krefeld\/Vorstand-Markus-Schreurs.jpg\" alt=\"Markus Schreurs - Eigent\u00fcmer von Schreurs Immobilien und CEO der Porta Mondial AG\" width=\"216\" height=\"263\" \/><figcaption class=\"wp-caption-text\">Markus Schreurs &#8211; Eigent\u00fcmer von Schreurs Immobilien und CEO der Porta Mondial AG<\/figcaption><\/figure>\n<p><strong>Porta Mondial AG Vorstand Markus Schreurs<\/strong> erl\u00e4utert im Gespr\u00e4ch seine Rolle warum er mit <a title=\"Ausgew\u00e4hlte Immobilien in Krefeld\" href=\"http:\/\/www.portamondial-krefeld.de\" target=\"_blank\" rel=\"noopener\">Porta Mondial Krefeld<\/a> zum 1. August 2012 auch <strong>offizieller Franchisepartner der Porta Mondial <\/strong>wurde.<\/p>\n<blockquote><p>Wof\u00fcr steht Porta Mondial Krefeld, Herr Schreurs?<\/p><\/blockquote>\n<p>Markus Schreurs: Porta Mondial Krefeld ist Teil eines internationalen Netzwerks, das unseren Kunden viele Vorteile bietet:\u00a0 So haben wir Zugriff auf einen Angebotsbestand von <strong>mehr als 4.000 Immobilien weltweit<\/strong> und k\u00f6nnen im Verkauf einen viel gr\u00f6\u00dferen Interessentenkreis, weit \u00fcber Krefeld hinaus, ansprechen.<\/p>\n<blockquote><p>Wie kamen Sie zu Porta Mondial?<\/p><\/blockquote>\n<p>Porta Mondial ist das Ergebnis einer langj\u00e4hrigen Entwicklung, die vor rund 8 Jahren auf Mallorca begann. Gemeinsam mit dem <strong>erfolgreichen Franchiseunternehmer Joachim Semrau<\/strong>, Gr\u00fcnder der Reiseb\u00fcrokette Flugb\u00f6rse und der Travel24.com AG, baute ich dort das Immobilienunternehmen <a title=\"Exklusive Immobilien auf Mallorca\" href=\"http:\/\/www.porta-mallorquina.de\/\" target=\"_blank\" rel=\"noopener\">Porta Mallorquina<\/a> auf, um meinen Kunden auch <strong>Ferienimmobilien auf Mallorca<\/strong> anbieten zu k\u00f6nnen.<\/p>\n<p>Das Gesch\u00e4ftsmodell mit Schwerpunkt Internet erwies sich als so erfolgreich, dass es nahelag, dies in Form eines <a title=\"Franchisesystem der Porta Mondial AG\" href=\"https:\/\/www.homes-holiday.com\/de\/franchise\/\" target=\"_blank\" rel=\"noopener\">Franchisesystems<\/a> auch auf andere M\u00e4rkte zu \u00fcbertragen. Wir starteten zuerst mit weiteren Regionalm\u00e4rkten in Spanien. Nach der positiven Einf\u00fchrung von <a title=\"Exklusive Immobilien auf Ibiza\" href=\"http:\/\/www.portaibiza.de\/\" target=\"_blank\" rel=\"noopener\">Porta Ibiza<\/a> und <a title=\"Exklusive Immobilien in Katalonien\" href=\"http:\/\/www.portacatalunya.de\" target=\"_blank\" rel=\"noopener\">Porta Catalunya<\/a> gr\u00fcndeten wir die <strong>Porta Mondial AG<\/strong>, um als Dachmarke in weitere Immobilienm\u00e4rkte eintreten zu k\u00f6nnen. Als Vorstand konnte ich meine Erfahrungen mit der <a title=\"Schreurs Immobilien\" href=\"https:\/\/www.schreurs-immobilien.de\/\" target=\"_blank\" rel=\"noopener\">Schreurs Immobilien<\/a> wesentlich in das Franchiseprodukt einflie\u00dfen lassen. 2010 er\u00f6ffneten wir mit <a title=\"Exklusive Immobilien in D\u00fcsseldorf\" href=\"http:\/\/www.portamondial-duesseldorf.de\/\" target=\"_blank\" rel=\"noopener\">Porta Mondial D\u00fcsseldorf<\/a> den ersten Immobilienshop in Deutschland, heute haben wir bereits <strong>Franchisepartner in Frankfurt, Saarbr\u00fccken, Wiesbaden, K\u00f6ln, Hamburg und Essen<\/strong>.<\/p>\n<blockquote><p>Warum wurden Sie nun Franchisepartner f\u00fcr Krefeld?<\/p><\/blockquote>\n<p>Die Zeit war reif, nun auch im Vertrieb offiziell zusammenzubringen, was hinter den Kulissen schon lange zusammen geh\u00f6rte. Die Vorteile, in einem internationalen Netzwerk zu agieren, bewogen mich, auch f\u00fcr mein Immobiliengesch\u00e4ft in Krefeld das <strong>\u201eTor zur Welt\u201c<\/strong> zu \u00f6ffnen. Ich sehe hier ein gro\u00dfes Potenzial f\u00fcr internationale Ferienimmobilien.<\/p>\n<p><a title=\"Exklusive Immobilien in Florida\" href=\"http:\/\/www.portamondial-florida.de\/\" target=\"_blank\" rel=\"noopener\">Florida<\/a> ist zum Beispiel ein begehrter Standort, aber ich freue mich auch, nun etwas unbekanntere Exoten im Programm zu haben, so wie <a title=\"Exklusive Immobilien in Costa Rica\" href=\"http:\/\/www.portamondial-costarica.de\/\" target=\"_blank\" rel=\"noopener\">Costa Rica<\/a> und Slowenien. Hier bieten sich oft noch echte Gelegenheiten f\u00fcr K\u00e4ufer.<\/p>\n<p>Umgekehrt haben wir nat\u00fcrlich Zugriff auf die gesamte nationale und internationale Kundendatenbank und k\u00f6nnen so unsere <strong>Krefeld Immobilien<\/strong> auch Interessenten aus D\u00fcsseldorf, Frankfurt oder anderen Standorten weltweit anbieten.<\/p>\n<p>\u00dcber die enge Zusammenarbeit mit <strong>Porta Mondial D\u00fcsseldorf<\/strong> ergeben sich weiterhin vielversprechende Synergien f\u00fcr unsere Kunden, die oft in beiden Regionen suchen bzw. \u00fcber Immobilienbesitz dort verf\u00fcgen. Dann ist es nat\u00fcrlich einfacher, in beiden St\u00e4dten einen vertrauensw\u00fcrdigen Ansprechpartner zu haben.<\/p>\n<blockquote><p>Und der Name Schreurs Immobilien \u2013 verschwindet der?<\/p><\/blockquote>\n<p>Nein, unsere Kunden werden weiterhin den vertrauten Namen sehen \u2013 aber unter der Flagge von Porta Mondial Krefeld. Auch das Team, die beiden Shops, alles bleibt, nur das Leistungsspektrum wird gr\u00f6\u00dfer.<\/p>\n<blockquote><p>Herr Schreurs, wir danken f\u00fcr das Gespr\u00e4ch.<\/p><\/blockquote>\n","protected":false},"excerpt":{"rendered":"<p>Porta Mondial AG Vorstand Markus Schreurs erl\u00e4utert, warum er zum 1. August 2012 auch offizieller Franchisepartner der Porta Mondial wurde. Lesen Sie von den Vorteilen eines internationalen Netzwerks, das auch etablierte Immobilienunternehmer \u00fcberzeugt. <\/p>\n","protected":false},"author":6,"featured_media":0,"comment_status":"open","ping_status":"open","sticky":false,"template":"","format":"standard","meta":{"footnotes":""},"categories":[10,3],"tags":[],"class_list":["post-1667","post","type-post","status-publish","format-standard","hentry","category-krefeld","category-schreurs-immobilien"],"yoast_head":"<!-- This site is optimized with the Yoast SEO plugin v27.0 - https:\/\/yoast.com\/product\/yoast-seo-wordpress\/ -->\n<title>Markus Schreurs f\u00fchrt Porta Mondial in Krefeld ein<\/title>\n<meta name=\"description\" content=\"Porta Mondial AG Vorstand Markus Schreurs erl\u00e4utert im Gespr\u00e4ch seine Rolle warum er mit Porta Mondial Krefeld zum 1.8.2012 auch offizieller Franchisepartner der Porta Mondial wurde.\" \/>\n<meta name=\"robots\" content=\"index, follow, max-snippet:-1, max-image-preview:large, max-video-preview:-1\" \/>\n<link rel=\"canonical\" href=\"https:\/\/www.schreurs-immobilien.de\/blog\/markus-schreurs-krefeld-franchisepartner\/\" \/>\n<meta name=\"twitter:label1\" content=\"Verfasst von\" \/>\n\t<meta name=\"twitter:data1\" content=\"Janny van R\u00fcth\" \/>\n\t<meta name=\"twitter:label2\" content=\"Gesch\u00e4tzte Lesezeit\" \/>\n\t<meta name=\"twitter:data2\" content=\"2\u00a0Minuten\" \/>\n<script type=\"application\/ld+json\" class=\"yoast-schema-graph\">{\"@context\":\"https:\/\/schema.org\",\"@graph\":[{\"@type\":\"Article\",\"@id\":\"https:\/\/www.schreurs-immobilien.de\/blog\/markus-schreurs-krefeld-franchisepartner\/#article\",\"isPartOf\":{\"@id\":\"https:\/\/www.schreurs-immobilien.de\/blog\/markus-schreurs-krefeld-franchisepartner\/\"},\"author\":{\"name\":\"Janny van R\u00fcth\",\"@id\":\"https:\/\/www.schreurs-immobilien.de\/blog\/#\/schema\/person\/be17236c1c0096d673cd666a1d1f99f9\"},\"headline\":\"Markus Schreurs f\u00fchrt Porta Mondial in Krefeld ein\",\"datePublished\":\"2012-08-01T14:26:05+00:00\",\"dateModified\":\"2018-02-28T08:35:54+00:00\",\"mainEntityOfPage\":{\"@id\":\"https:\/\/www.schreurs-immobilien.de\/blog\/markus-schreurs-krefeld-franchisepartner\/\"},\"wordCount\":500,\"commentCount\":0,\"image\":{\"@id\":\"https:\/\/www.schreurs-immobilien.de\/blog\/markus-schreurs-krefeld-franchisepartner\/#primaryimage\"},\"thumbnailUrl\":\"https:\/\/www.schreurs-immobilien.de\/blog\/krefeld\/Vorstand-Markus-Schreurs.jpg\",\"articleSection\":[\"Krefeld\",\"Schreurs Immobilien\"],\"inLanguage\":\"de\",\"potentialAction\":[{\"@type\":\"CommentAction\",\"name\":\"Comment\",\"target\":[\"https:\/\/www.schreurs-immobilien.de\/blog\/markus-schreurs-krefeld-franchisepartner\/#respond\"]}]},{\"@type\":\"WebPage\",\"@id\":\"https:\/\/www.schreurs-immobilien.de\/blog\/markus-schreurs-krefeld-franchisepartner\/\",\"url\":\"https:\/\/www.schreurs-immobilien.de\/blog\/markus-schreurs-krefeld-franchisepartner\/\",\"name\":\"Markus Schreurs f\u00fchrt Porta Mondial in Krefeld ein\",\"isPartOf\":{\"@id\":\"https:\/\/www.schreurs-immobilien.de\/blog\/#website\"},\"primaryImageOfPage\":{\"@id\":\"https:\/\/www.schreurs-immobilien.de\/blog\/markus-schreurs-krefeld-franchisepartner\/#primaryimage\"},\"image\":{\"@id\":\"https:\/\/www.schreurs-immobilien.de\/blog\/markus-schreurs-krefeld-franchisepartner\/#primaryimage\"},\"thumbnailUrl\":\"https:\/\/www.schreurs-immobilien.de\/blog\/krefeld\/Vorstand-Markus-Schreurs.jpg\",\"datePublished\":\"2012-08-01T14:26:05+00:00\",\"dateModified\":\"2018-02-28T08:35:54+00:00\",\"author\":{\"@id\":\"https:\/\/www.schreurs-immobilien.de\/blog\/#\/schema\/person\/be17236c1c0096d673cd666a1d1f99f9\"},\"description\":\"Porta Mondial AG Vorstand Markus Schreurs erl\u00e4utert im Gespr\u00e4ch seine Rolle warum er mit Porta Mondial Krefeld zum 1.8.2012 auch offizieller Franchisepartner der Porta Mondial wurde.\",\"breadcrumb\":{\"@id\":\"https:\/\/www.schreurs-immobilien.de\/blog\/markus-schreurs-krefeld-franchisepartner\/#breadcrumb\"},\"inLanguage\":\"de\",\"potentialAction\":[{\"@type\":\"ReadAction\",\"target\":[\"https:\/\/www.schreurs-immobilien.de\/blog\/markus-schreurs-krefeld-franchisepartner\/\"]}]},{\"@type\":\"ImageObject\",\"inLanguage\":\"de\",\"@id\":\"https:\/\/www.schreurs-immobilien.de\/blog\/markus-schreurs-krefeld-franchisepartner\/#primaryimage\",\"url\":\"https:\/\/www.schreurs-immobilien.de\/blog\/krefeld\/Vorstand-Markus-Schreurs.jpg\",\"contentUrl\":\"https:\/\/www.schreurs-immobilien.de\/blog\/krefeld\/Vorstand-Markus-Schreurs.jpg\"},{\"@type\":\"BreadcrumbList\",\"@id\":\"https:\/\/www.schreurs-immobilien.de\/blog\/markus-schreurs-krefeld-franchisepartner\/#breadcrumb\",\"itemListElement\":[{\"@type\":\"ListItem\",\"position\":1,\"name\":\"Startseite\",\"item\":\"https:\/\/www.schreurs-immobilien.de\/blog\/\"},{\"@type\":\"ListItem\",\"position\":2,\"name\":\"Markus Schreurs f\u00fchrt Porta Mondial in Krefeld ein\"}]},{\"@type\":\"WebSite\",\"@id\":\"https:\/\/www.schreurs-immobilien.de\/blog\/#website\",\"url\":\"https:\/\/www.schreurs-immobilien.de\/blog\/\",\"name\":\"Schreurs Immobilien Blog\",\"description\":\"Wohnkultur in Krefeld\",\"potentialAction\":[{\"@type\":\"SearchAction\",\"target\":{\"@type\":\"EntryPoint\",\"urlTemplate\":\"https:\/\/www.schreurs-immobilien.de\/blog\/?s={search_term_string}\"},\"query-input\":{\"@type\":\"PropertyValueSpecification\",\"valueRequired\":true,\"valueName\":\"search_term_string\"}}],\"inLanguage\":\"de\"},{\"@type\":\"Person\",\"@id\":\"https:\/\/www.schreurs-immobilien.de\/blog\/#\/schema\/person\/be17236c1c0096d673cd666a1d1f99f9\",\"name\":\"Janny van R\u00fcth\",\"description\":\"Immobilienmakler bei Schreurs Immobilien, gelernter Immobilienkaufmann\",\"sameAs\":[\"http:\/\/www.schreurs-immobilien.de\"],\"url\":\"https:\/\/www.schreurs-immobilien.de\/blog\/author\/jannyvr\/\"}]}<\/script>\n<!-- \/ Yoast SEO plugin. -->","yoast_head_json":{"title":"Markus Schreurs f\u00fchrt Porta Mondial in Krefeld ein","description":"Porta Mondial AG Vorstand Markus Schreurs erl\u00e4utert im Gespr\u00e4ch seine Rolle warum er mit Porta Mondial Krefeld zum 1.8.2012 auch offizieller Franchisepartner der Porta Mondial wurde.","robots":{"index":"index","follow":"follow","max-snippet":"max-snippet:-1","max-image-preview":"max-image-preview:large","max-video-preview":"max-video-preview:-1"},"canonical":"https:\/\/www.schreurs-immobilien.de\/blog\/markus-schreurs-krefeld-franchisepartner\/","twitter_misc":{"Verfasst von":"Janny van R\u00fcth","Gesch\u00e4tzte Lesezeit":"2\u00a0Minuten"},"schema":{"@context":"https:\/\/schema.org","@graph":[{"@type":"Article","@id":"https:\/\/www.schreurs-immobilien.de\/blog\/markus-schreurs-krefeld-franchisepartner\/#article","isPartOf":{"@id":"https:\/\/www.schreurs-immobilien.de\/blog\/markus-schreurs-krefeld-franchisepartner\/"},"author":{"name":"Janny van R\u00fcth","@id":"https:\/\/www.schreurs-immobilien.de\/blog\/#\/schema\/person\/be17236c1c0096d673cd666a1d1f99f9"},"headline":"Markus Schreurs f\u00fchrt Porta Mondial in Krefeld ein","datePublished":"2012-08-01T14:26:05+00:00","dateModified":"2018-02-28T08:35:54+00:00","mainEntityOfPage":{"@id":"https:\/\/www.schreurs-immobilien.de\/blog\/markus-schreurs-krefeld-franchisepartner\/"},"wordCount":500,"commentCount":0,"image":{"@id":"https:\/\/www.schreurs-immobilien.de\/blog\/markus-schreurs-krefeld-franchisepartner\/#primaryimage"},"thumbnailUrl":"https:\/\/www.schreurs-immobilien.de\/blog\/krefeld\/Vorstand-Markus-Schreurs.jpg","articleSection":["Krefeld","Schreurs Immobilien"],"inLanguage":"de","potentialAction":[{"@type":"CommentAction","name":"Comment","target":["https:\/\/www.schreurs-immobilien.de\/blog\/markus-schreurs-krefeld-franchisepartner\/#respond"]}]},{"@type":"WebPage","@id":"https:\/\/www.schreurs-immobilien.de\/blog\/markus-schreurs-krefeld-franchisepartner\/","url":"https:\/\/www.schreurs-immobilien.de\/blog\/markus-schreurs-krefeld-franchisepartner\/","name":"Markus Schreurs f\u00fchrt Porta Mondial in Krefeld ein","isPartOf":{"@id":"https:\/\/www.schreurs-immobilien.de\/blog\/#website"},"primaryImageOfPage":{"@id":"https:\/\/www.schreurs-immobilien.de\/blog\/markus-schreurs-krefeld-franchisepartner\/#primaryimage"},"image":{"@id":"https:\/\/www.schreurs-immobilien.de\/blog\/markus-schreurs-krefeld-franchisepartner\/#primaryimage"},"thumbnailUrl":"https:\/\/www.schreurs-immobilien.de\/blog\/krefeld\/Vorstand-Markus-Schreurs.jpg","datePublished":"2012-08-01T14:26:05+00:00","dateModified":"2018-02-28T08:35:54+00:00","author":{"@id":"https:\/\/www.schreurs-immobilien.de\/blog\/#\/schema\/person\/be17236c1c0096d673cd666a1d1f99f9"},"description":"Porta Mondial AG Vorstand Markus Schreurs erl\u00e4utert im Gespr\u00e4ch seine Rolle warum er mit Porta Mondial Krefeld zum 1.8.2012 auch offizieller Franchisepartner der Porta Mondial wurde.","breadcrumb":{"@id":"https:\/\/www.schreurs-immobilien.de\/blog\/markus-schreurs-krefeld-franchisepartner\/#breadcrumb"},"inLanguage":"de","potentialAction":[{"@type":"ReadAction","target":["https:\/\/www.schreurs-immobilien.de\/blog\/markus-schreurs-krefeld-franchisepartner\/"]}]},{"@type":"ImageObject","inLanguage":"de","@id":"https:\/\/www.schreurs-immobilien.de\/blog\/markus-schreurs-krefeld-franchisepartner\/#primaryimage","url":"https:\/\/www.schreurs-immobilien.de\/blog\/krefeld\/Vorstand-Markus-Schreurs.jpg","contentUrl":"https:\/\/www.schreurs-immobilien.de\/blog\/krefeld\/Vorstand-Markus-Schreurs.jpg"},{"@type":"BreadcrumbList","@id":"https:\/\/www.schreurs-immobilien.de\/blog\/markus-schreurs-krefeld-franchisepartner\/#breadcrumb","itemListElement":[{"@type":"ListItem","position":1,"name":"Startseite","item":"https:\/\/www.schreurs-immobilien.de\/blog\/"},{"@type":"ListItem","position":2,"name":"Markus Schreurs f\u00fchrt Porta Mondial in Krefeld ein"}]},{"@type":"WebSite","@id":"https:\/\/www.schreurs-immobilien.de\/blog\/#website","url":"https:\/\/www.schreurs-immobilien.de\/blog\/","name":"Schreurs Immobilien Blog","description":"Wohnkultur in Krefeld","potentialAction":[{"@type":"SearchAction","target":{"@type":"EntryPoint","urlTemplate":"https:\/\/www.schreurs-immobilien.de\/blog\/?s={search_term_string}"},"query-input":{"@type":"PropertyValueSpecification","valueRequired":true,"valueName":"search_term_string"}}],"inLanguage":"de"},{"@type":"Person","@id":"https:\/\/www.schreurs-immobilien.de\/blog\/#\/schema\/person\/be17236c1c0096d673cd666a1d1f99f9","name":"Janny van R\u00fcth","description":"Immobilienmakler bei Schreurs Immobilien, gelernter Immobilienkaufmann","sameAs":["http:\/\/www.schreurs-immobilien.de"],"url":"https:\/\/www.schreurs-immobilien.de\/blog\/author\/jannyvr\/"}]}},"_links":{"self":[{"href":"https:\/\/www.schreurs-immobilien.de\/blog\/wp-json\/wp\/v2\/posts\/1667","targetHints":{"allow":["GET"]}}],"collection":[{"href":"https:\/\/www.schreurs-immobilien.de\/blog\/wp-json\/wp\/v2\/posts"}],"about":[{"href":"https:\/\/www.schreurs-immobilien.de\/blog\/wp-json\/wp\/v2\/types\/post"}],"author":[{"embeddable":true,"href":"https:\/\/www.schreurs-immobilien.de\/blog\/wp-json\/wp\/v2\/users\/6"}],"replies":[{"embeddable":true,"href":"https:\/\/www.schreurs-immobilien.de\/blog\/wp-json\/wp\/v2\/comments?post=1667"}],"version-history":[{"count":24,"href":"https:\/\/www.schreurs-immobilien.de\/blog\/wp-json\/wp\/v2\/posts\/1667\/revisions"}],"predecessor-version":[{"id":2736,"href":"https:\/\/www.schreurs-immobilien.de\/blog\/wp-json\/wp\/v2\/posts\/1667\/revisions\/2736"}],"wp:attachment":[{"href":"https:\/\/www.schreurs-immobilien.de\/blog\/wp-json\/wp\/v2\/media?parent=1667"}],"wp:term":[{"taxonomy":"category","embeddable":true,"href":"https:\/\/www.schreurs-immobilien.de\/blog\/wp-json\/wp\/v2\/categories?post=1667"},{"taxonomy":"post_tag","embeddable":true,"href":"https:\/\/www.schreurs-immobilien.de\/blog\/wp-json\/wp\/v2\/tags?post=1667"}],"curies":[{"name":"wp","href":"https:\/\/api.w.org\/{rel}","templated":true}]}}